{"id":16750,"date":"2026-01-26T10:03:13","date_gmt":"2026-01-26T09:03:13","guid":{"rendered":"https:\/\/mehler-ep.com\/mehler-auf-der-techtextil-frankfurt-stand-b79-halle-11-1\/"},"modified":"2026-01-26T10:33:48","modified_gmt":"2026-01-26T09:33:48","slug":"mehler-auf-der-techtextil-frankfurt-stand-b79-halle-11-1","status":"publish","type":"post","link":"https:\/\/mehler-ep.com\/de\/mehler-auf-der-techtextil-frankfurt-stand-b79-halle-11-1\/","title":{"rendered":"MEHLER auf der Techtextil Frankfurt | Stand B79, Halle 11.1"},"content":{"rendered":"<p>Vom <strong>21. bis 24. April 2026<\/strong> wird MEHLER erneut auf der <strong>Techtextil in Frankfurt ausstellen &#8211; <\/strong>der f\u00fchrenden internationalen Leitmesse f\u00fcr technische Textilien und Vliesstoffe.<\/p>\n<p>Als langj\u00e4hriger Teilnehmer freuen wir uns darauf, unsere neuesten Entwicklungen, Technologien und Produktl\u00f6sungen vorzustellen, die auf Langlebigkeit, Funktionalit\u00e4t und Sicherheit ausgerichtet sind.<\/p>\n<p>Sie sind herzlich eingeladen, unser Produktportfolio zu entdecken und unser Team zu treffen:<\/p>\n<div>\ud83d\udccdStand <strong>B79, Halle 11.1<\/strong><\/div>\n<p>Wir freuen uns darauf, Sie an unserem Stand in Frankfurt begr\u00fc\u00dfen zu d\u00fcrfen!<\/p>\n<div><img fetchpriority=\"high\" decoding=\"async\" class=\"alignnone wp-image-16752\" src=\"https:\/\/mehler-ep.com\/wp-content\/uploads\/2026\/01\/MEHLER_Techtextil_2026_Ankundigung-1-300x88.jpg\" alt=\"MEHLER_Techtextil_2026_Ank\u00fcndigung\" width=\"666\" height=\"195\" srcset=\"https:\/\/mehler-ep.com\/wp-content\/uploads\/2026\/01\/MEHLER_Techtextil_2026_Ankundigung-1-300x88.jpg 300w, https:\/\/mehler-ep.com\/wp-content\/uploads\/2026\/01\/MEHLER_Techtextil_2026_Ankundigung-1-1024x300.jpg 1024w, https:\/\/mehler-ep.com\/wp-content\/uploads\/2026\/01\/MEHLER_Techtextil_2026_Ankundigung-1-768x225.jpg 768w, https:\/\/mehler-ep.com\/wp-content\/uploads\/2026\/01\/MEHLER_Techtextil_2026_Ankundigung-1-1536x450.jpg 1536w, https:\/\/mehler-ep.com\/wp-content\/uploads\/2026\/01\/MEHLER_Techtextil_2026_Ankundigung-1-2048x600.jpg 2048w\" sizes=\"(max-width: 666px) 100vw, 666px\" \/><\/div>\n","protected":false},"excerpt":{"rendered":"<p>Vom 21. bis 24. April 2026 wird MEHLER erneut auf der Techtextil in Frankfurt ausstellen &#8211; der f\u00fchrenden internationalen Leitmesse f\u00fcr technische Textilien und Vliesstoffe. Als langj\u00e4hriger Teilnehmer freuen wir uns darauf, unsere neuesten Entwicklungen, Technologien und Produktl\u00f6sungen vorzustellen, die auf Langlebigkeit, Funktionalit\u00e4t und Sicherheit ausgerichtet sind. Sie sind herzlich eingeladen, unser Produktportfolio zu entdecken [&hellip;]<\/p>\n","protected":false},"author":3,"featured_media":16752,"comment_status":"closed","ping_status":"closed","sticky":false,"template":"","format":"standard","meta":{"footnotes":""},"categories":[36],"tags":[],"class_list":["post-16750","post","type-post","status-publish","format-standard","has-post-thumbnail","hentry","category-unkategorisiert-de"],"_links":{"self":[{"href":"https:\/\/mehler-ep.com\/de\/wp-json\/wp\/v2\/posts\/16750","targetHints":{"allow":["GET"]}}],"collection":[{"href":"https:\/\/mehler-ep.com\/de\/wp-json\/wp\/v2\/posts"}],"about":[{"href":"https:\/\/mehler-ep.com\/de\/wp-json\/wp\/v2\/types\/post"}],"author":[{"embeddable":true,"href":"https:\/\/mehler-ep.com\/de\/wp-json\/wp\/v2\/users\/3"}],"replies":[{"embeddable":true,"href":"https:\/\/mehler-ep.com\/de\/wp-json\/wp\/v2\/comments?post=16750"}],"version-history":[{"count":3,"href":"https:\/\/mehler-ep.com\/de\/wp-json\/wp\/v2\/posts\/16750\/revisions"}],"predecessor-version":[{"id":16760,"href":"https:\/\/mehler-ep.com\/de\/wp-json\/wp\/v2\/posts\/16750\/revisions\/16760"}],"wp:featuredmedia":[{"embeddable":true,"href":"https:\/\/mehler-ep.com\/de\/wp-json\/wp\/v2\/media\/16752"}],"wp:attachment":[{"href":"https:\/\/mehler-ep.com\/de\/wp-json\/wp\/v2\/media?parent=16750"}],"wp:term":[{"taxonomy":"category","embeddable":true,"href":"https:\/\/mehler-ep.com\/de\/wp-json\/wp\/v2\/categories?post=16750"},{"taxonomy":"post_tag","embeddable":true,"href":"https:\/\/mehler-ep.com\/de\/wp-json\/wp\/v2\/tags?post=16750"}],"curies":[{"name":"wp","href":"https:\/\/api.w.org\/{rel}","templated":true}]}}